{"id":757,"date":"2013-02-04T16:13:57","date_gmt":"2013-02-04T15:13:57","guid":{"rendered":"https:\/\/creativecommons.it\/chapterIT\/?p=757"},"modified":"2019-12-20T17:07:37","modified_gmt":"2019-12-20T16:07:37","slug":"riparare-risarcire-ricordare-un-dialogo-tra-storici-e-giuristi-libro-con-licenza-creative-commons","status":"publish","type":"post","link":"https:\/\/creativecommons.it\/chapterIT\/index.php\/757\/","title":{"rendered":"&#8220;Riparare Risarcire Ricordare. Un dialogo tra storici e giuristi&#8221;: libro con licenza Creative Commons"},"content":{"rendered":"<div class=\"content\">\n<div class=\"field field-name-body field-type-text-with-summary field-label-hidden\">\n<div class=\"field-items\">\n<div class=\"field-item even\">\n<p><a href=\"http:\/\/www.editorialescientifica.com\/index.php?option=com_mtree&amp;task=viewlink&amp;link_id=622&amp;Itemid=0\"><img title=\"Riparare Risarcire Ricordare. Un dialogo tra storici e giuristi\" src=\"http:\/\/www.creativecommons.it\/ccitfiles\/riparare_risarcire_ricordare.jpg\" alt=\"Riparare Risarcire Ricordare. Un dialogo tra storici e giuristi\" width=\"200\" align=\"left\" border=\"0\" hspace=\"5\" \/><\/a>Segnaliamo che<span>\u00a0<\/span><b>il libro<span>\u00a0<\/span>&#8220;Riparare Risarcire Ricordare. Un dialogo tra storici e giuristi&#8221;<\/b><span>\u00a0<\/span>curato da Giorgio Resta e Vincenzo Zeno-Zencovich, edito da Editoriale Scientifica, \u00e8 pubblicato<span>\u00a0<\/span><b>con licenza Creative Commons<\/b>.<\/p>\n<p>Il libro \u00e8 acquistabile in formato cartaceo e scaricabile in<span>\u00a0<\/span>PDF<span>\u00a0<\/span>dal sito della casa editrice.<\/p>\n<p><b>Giorgio Resta<\/b><span>\u00a0<\/span>\u00e8 Professore associato di Diritto privato comparato presso la facolt\u00e0 di giurisprudenza dell&#8217;Universit\u00e0 degli Studi di Bari Aldo Moro.<\/p>\n<p><b>Vincenzo Zeno-Zencovich<\/b><span>\u00a0<\/span>\u00e8 Professore ordinario di Diritto comparato e titolare degli insegnamenti di Sistemi giuridici comparati e di EU Transport Law presso l\u2019Universit\u00e0 Roma Tre.<\/p>\n<\/div>\n<\/div>\n<\/div>\n<\/div>\n","protected":false},"excerpt":{"rendered":"<p>Segnaliamo che\u00a0il libro\u00a0&#8220;Riparare Risarcire Ricordare. Un dialogo tra storici e giuristi&#8221;\u00a0curato da Giorgio Resta e Vincenzo Zeno-Zencovich, edito da Editoriale Scientifica, \u00e8 pubblicato\u00a0con licenza Creative Commons. Il libro \u00e8 acquistabile in formato cartaceo e scaricabile in\u00a0PDF\u00a0dal sito della casa editrice. Giorgio Resta\u00a0\u00e8 Professore associato di Diritto privato comparato presso la facolt\u00e0 di giurisprudenza dell&#8217;Universit\u00e0 degli &hellip; <a href=\"https:\/\/creativecommons.it\/chapterIT\/index.php\/757\/\" class=\"more-link\">Read More<span class=\"screen-reader-text\"> &#8220;&#8220;Riparare Risarcire Ricordare. Un dialogo tra storici e giuristi&#8221;: libro con licenza Creative Commons&#8221;<\/span><\/a><\/p>\n","protected":false},"author":1,"featured_media":0,"comment_status":"open","ping_status":"open","sticky":false,"template":"","format":"standard","meta":[],"categories":[4],"tags":[],"_links":{"self":[{"href":"https:\/\/creativecommons.it\/chapterIT\/index.php\/wp-json\/wp\/v2\/posts\/757"}],"collection":[{"href":"https:\/\/creativecommons.it\/chapterIT\/index.php\/wp-json\/wp\/v2\/posts"}],"about":[{"href":"https:\/\/creativecommons.it\/chapterIT\/index.php\/wp-json\/wp\/v2\/types\/post"}],"author":[{"embeddable":true,"href":"https:\/\/creativecommons.it\/chapterIT\/index.php\/wp-json\/wp\/v2\/users\/1"}],"replies":[{"embeddable":true,"href":"https:\/\/creativecommons.it\/chapterIT\/index.php\/wp-json\/wp\/v2\/comments?post=757"}],"version-history":[{"count":2,"href":"https:\/\/creativecommons.it\/chapterIT\/index.php\/wp-json\/wp\/v2\/posts\/757\/revisions"}],"predecessor-version":[{"id":760,"href":"https:\/\/creativecommons.it\/chapterIT\/index.php\/wp-json\/wp\/v2\/posts\/757\/revisions\/760"}],"wp:attachment":[{"href":"https:\/\/creativecommons.it\/chapterIT\/index.php\/wp-json\/wp\/v2\/media?parent=757"}],"wp:term":[{"taxonomy":"category","embeddable":true,"href":"https:\/\/creativecommons.it\/chapterIT\/index.php\/wp-json\/wp\/v2\/categories?post=757"},{"taxonomy":"post_tag","embeddable":true,"href":"https:\/\/creativecommons.it\/chapterIT\/index.php\/wp-json\/wp\/v2\/tags?post=757"}],"curies":[{"name":"wp","href":"https:\/\/api.w.org\/{rel}","templated":true}]}}