{"id":746,"date":"2013-03-19T12:13:11","date_gmt":"2013-03-19T11:13:11","guid":{"rendered":"https:\/\/creativecommons.it\/chapterIT\/?p=746"},"modified":"2019-12-11T18:15:55","modified_gmt":"2019-12-11T17:15:55","slug":"kreco-edizioni-bando-scrivi-la-rivoluzione-31-3-13","status":"publish","type":"post","link":"https:\/\/creativecommons.it\/chapterIT\/index.php\/746\/","title":{"rendered":"Krec\u00f2 Edizioni &#8211; bando &#8220;Scrivi la Rivoluzione&#8221; (31\/3\/13)"},"content":{"rendered":"<div class=\"content\">\n<div class=\"field field-name-body field-type-text-with-summary field-label-hidden\">\n<div class=\"field-items\">\n<div class=\"field-item even\"><a href=\"http:\/\/www.kreco.it\/kreco\/\"><img class=\"alignleft\" title=\"Krec\u00f2 Edizioni\" src=\"http:\/\/www.creativecommons.it\/ccitfiles\/krec%C3%B2.png\" alt=\"Krec\u00f2 Edizioni\" width=\"200\" align=\"left\" border=\"0\" hspace=\"10\" \/><\/a>Segnaliamo che la novella casa editrice<span>\u00a0<\/span>Krec\u00f2 Edizioni<span>\u00a0<\/span>ha indetto il bando<span>\u00a0<\/span><b>&#8220;Scrivi la Rivoluzione&#8221;<\/b>, con scedenza 31\/3\/2013.<\/p>\n<p><i>&#8220;Cerchiamo punti di vista, analisi di realt\u00e0, cronache di presenti possibili, progetti di futuro, storie e racconti per costruire con la prosa il mondo di domani. E&#8217; un moto rivoluzionario fatto di parole che utilizza la rete per condividere in modo libero le proprie idee. Aderisci al progetto inviando il tuo testo di 10.000 battute a info@kreco.it entro il 31 marzo 2013&#8221;<\/i>.<\/p>\n<p>Krec\u00f2 \u00e8 un progetto non commerciale che pone al centro della propria attivit\u00e0 la selezione e la produzione di opere originali brevi, promuovendo sia on line che off line la diffusione di punti di vista critici e propositivi sulla realt\u00e0.<\/p>\n<p><b>Per maggiori informazioni<\/b>: consultare il sito di<span>\u00a0<\/span>Krec\u00f2 Edizioni.<\/p>\n<\/div>\n<\/div>\n<\/div>\n<\/div>\n","protected":false},"excerpt":{"rendered":"<p>Segnaliamo che la novella casa editrice\u00a0Krec\u00f2 Edizioni\u00a0ha indetto il bando\u00a0&#8220;Scrivi la Rivoluzione&#8221;, con scedenza 31\/3\/2013. &#8220;Cerchiamo punti di vista, analisi di realt\u00e0, cronache di presenti possibili, progetti di futuro, storie e racconti per costruire con la prosa il mondo di domani. E&#8217; un moto rivoluzionario fatto di parole che utilizza la rete per condividere in &hellip; <a href=\"https:\/\/creativecommons.it\/chapterIT\/index.php\/746\/\" class=\"more-link\">Read More<span class=\"screen-reader-text\"> &#8220;Krec\u00f2 Edizioni &#8211; bando &#8220;Scrivi la Rivoluzione&#8221; (31\/3\/13)&#8221;<\/span><\/a><\/p>\n","protected":false},"author":1,"featured_media":0,"comment_status":"open","ping_status":"open","sticky":false,"template":"","format":"standard","meta":[],"categories":[4],"tags":[],"_links":{"self":[{"href":"https:\/\/creativecommons.it\/chapterIT\/index.php\/wp-json\/wp\/v2\/posts\/746"}],"collection":[{"href":"https:\/\/creativecommons.it\/chapterIT\/index.php\/wp-json\/wp\/v2\/posts"}],"about":[{"href":"https:\/\/creativecommons.it\/chapterIT\/index.php\/wp-json\/wp\/v2\/types\/post"}],"author":[{"embeddable":true,"href":"https:\/\/creativecommons.it\/chapterIT\/index.php\/wp-json\/wp\/v2\/users\/1"}],"replies":[{"embeddable":true,"href":"https:\/\/creativecommons.it\/chapterIT\/index.php\/wp-json\/wp\/v2\/comments?post=746"}],"version-history":[{"count":1,"href":"https:\/\/creativecommons.it\/chapterIT\/index.php\/wp-json\/wp\/v2\/posts\/746\/revisions"}],"predecessor-version":[{"id":747,"href":"https:\/\/creativecommons.it\/chapterIT\/index.php\/wp-json\/wp\/v2\/posts\/746\/revisions\/747"}],"wp:attachment":[{"href":"https:\/\/creativecommons.it\/chapterIT\/index.php\/wp-json\/wp\/v2\/media?parent=746"}],"wp:term":[{"taxonomy":"category","embeddable":true,"href":"https:\/\/creativecommons.it\/chapterIT\/index.php\/wp-json\/wp\/v2\/categories?post=746"},{"taxonomy":"post_tag","embeddable":true,"href":"https:\/\/creativecommons.it\/chapterIT\/index.php\/wp-json\/wp\/v2\/tags?post=746"}],"curies":[{"name":"wp","href":"https:\/\/api.w.org\/{rel}","templated":true}]}}