{"id":460,"date":"2017-07-31T16:01:13","date_gmt":"2017-07-31T14:01:13","guid":{"rendered":"https:\/\/creativecommons.it\/chapterIT\/?p=460"},"modified":"2019-12-06T18:39:27","modified_gmt":"2019-12-06T17:39:27","slug":"disponibile-la-traduzione-italiana-ufficiale-delle-licenze-cc-4-0","status":"publish","type":"post","link":"https:\/\/creativecommons.it\/chapterIT\/index.php\/460\/","title":{"rendered":"Disponibile la traduzione italiana ufficiale delle licenze CC 4.0!"},"content":{"rendered":"\r\n<p>La\u00a0<a href=\"https:\/\/wiki.creativecommons.org\/wiki\/Legal_Tools_Translation\/4.0\/Italian#FINAL_translation_files\" target=\"_blank\" rel=\"noreferrer noopener\" aria-label=\" (opens in a new tab)\">traduzione ufficiale delle licenze Creative Commons versione 4.0<\/a>\u00a0e della\u00a0<a href=\"https:\/\/creativecommons.org\/publicdomain\/zero\/1.0\/legalcode.it\" target=\"_blank\" rel=\"noreferrer noopener\" aria-label=\" (opens in a new tab)\">licenza\/liberatoria CC0<\/a>\u00a0\u00e8 ora disponibile anche in italiano!<\/p>\r\n\r\n\r\n\r\n<p>La traduzione \u00e8 stata realizzata dal gruppo di lavoro di Creative Commons Italia, anche interagendo con CC Svizzera. Il gruppo di lavoro \u00e8 ospitato e coordinato dal\u00a0<a href=\"https:\/\/nexa.polito.it\/\" target=\"_blank\" rel=\"noreferrer noopener\" aria-label=\" (opens in a new tab)\">Centro Nexa su Internet e Societ\u00e0 del Politecnico di Torino<\/a>, l&#8217;istituzione italiana affiliata al network internazionale di Creative Commons.<\/p>\r\n\r\n\r\n\r\n<figure class=\"wp-block-image\"><img loading=\"lazy\" width=\"1024\" height=\"683\" class=\"wp-image-154\" src=\"https:\/\/creativecommons.it\/chapterIT\/wp-content\/uploads\/2019\/10\/foto-nexa-community-small-sharp-1024x683.jpg\" alt=\"\" \/>\r\n<figcaption>La community del Centro Nexa su Internet e Societ\u00e0 del Politecnico di Torino, l&#8217;istituzione italiana affiliata al network internazionale di Creative Commons. Foto di\u00a0<a href=\"http:\/\/nexa.polito.it\/people\/fruggiero\" target=\"_blank\" rel=\"noreferrer noopener\" aria-label=\" (opens in a new tab)\">Francesco Ruggiero<\/a>,\u00a0<a href=\"https:\/\/creativecommons.org\/licenses\/by\/4.0\/legalcode.it\" target=\"_blank\" rel=\"noreferrer noopener\" aria-label=\" (opens in a new tab)\">CC BY 4.0<\/a><\/figcaption>\r\n<\/figure>\r\n\r\n\r\n\r\n<p>Durante lo sviluppo delle licenze 4.0 in inglese, il team di CC Italia ha collaborato intensamente col team di CC internazionale, in particolare per definire come fosse opportuno gestire i diritti relative alla banche dati (cosiddetto diritto\u00a0<em>sui generis<\/em>). Grazie a questo lavoro preliminare, le nuove licenze erano gi\u00e0 perfettamente in linea col diritto italiano e la traduzione \u00e8 stata facilitata. Dopo una prima bozza, la traduzione \u00e8 stata condivisa con la community di CC Italia tramite la mailing list ed il sito CreativeCommons.it. Per ulteriori informazioni sul processo di traduzione, potete consultare la\u00a0<a href=\"https:\/\/wiki.creativecommons.org\/wiki\/Legal_Tools_Translation\/4.0\/Italian\" target=\"_blank\" rel=\"noreferrer noopener\" aria-label=\" (opens in a new tab)\">wiki di Creative Commons<\/a>.<\/p>\r\n\r\n\r\n\r\n<p>Uno speciale ringrazionamento va a chi ha contribuito alla traduzione:<\/p>\r\n\r\n\r\n\r\n<ul>\r\n<li>i membri del gruppo di lavoro di CC Italia direttamente coinvolti nella traduzione: Federico Morando, Claudio Artusio, Massimo Travostino, Marco Ricolfi, Alessandro Cogo, e Thomas Margoni (anche membro di CC NL);<\/li>\r\n<li>i fellow del Centro Nexa ha hanno fornito feedback e suggerimenti: Elena Pavan, Stefano Leucci, Marco Ciurcina e Miryam Bianco per le licenze 4.0 e Angelo Maria Rovati e Silvia Bisi per CC0;<\/li>\r\n<li>altri membri della community di CC Italia che hanno partecipato alle consultazioni pubbliche: Monica Palmirani, Manuela Avidano, Maurizio Lana, Matteo Montanari, Giacomo Di Grazia, Luca Spinelli e Simone Musarra per le licenze 4.0 e Francesco Ermini per CC0.<\/li>\r\n<\/ul>\r\n\r\n\r\n\r\n<p>Grazie a tutti ed a CC Internazionale per il coordinamento ed il continuo incoraggiamento!<\/p>\r\n","protected":false},"excerpt":{"rendered":"<p>La\u00a0traduzione ufficiale delle licenze Creative Commons versione 4.0\u00a0e della\u00a0licenza\/liberatoria CC0\u00a0\u00e8 ora disponibile anche in italiano! La traduzione \u00e8 stata realizzata dal gruppo di lavoro di Creative Commons Italia, anche interagendo con CC Svizzera. Il gruppo di lavoro \u00e8 ospitato e coordinato dal\u00a0Centro Nexa su Internet e Societ\u00e0 del Politecnico di Torino, l&#8217;istituzione italiana affiliata al &hellip; <a href=\"https:\/\/creativecommons.it\/chapterIT\/index.php\/460\/\" class=\"more-link\">Read More<span class=\"screen-reader-text\"> &#8220;Disponibile la traduzione italiana ufficiale delle licenze CC 4.0!&#8221;<\/span><\/a><\/p>\n","protected":false},"author":1,"featured_media":478,"comment_status":"open","ping_status":"open","sticky":false,"template":"","format":"standard","meta":[],"categories":[4],"tags":[],"_links":{"self":[{"href":"https:\/\/creativecommons.it\/chapterIT\/index.php\/wp-json\/wp\/v2\/posts\/460"}],"collection":[{"href":"https:\/\/creativecommons.it\/chapterIT\/index.php\/wp-json\/wp\/v2\/posts"}],"about":[{"href":"https:\/\/creativecommons.it\/chapterIT\/index.php\/wp-json\/wp\/v2\/types\/post"}],"author":[{"embeddable":true,"href":"https:\/\/creativecommons.it\/chapterIT\/index.php\/wp-json\/wp\/v2\/users\/1"}],"replies":[{"embeddable":true,"href":"https:\/\/creativecommons.it\/chapterIT\/index.php\/wp-json\/wp\/v2\/comments?post=460"}],"version-history":[{"count":4,"href":"https:\/\/creativecommons.it\/chapterIT\/index.php\/wp-json\/wp\/v2\/posts\/460\/revisions"}],"predecessor-version":[{"id":667,"href":"https:\/\/creativecommons.it\/chapterIT\/index.php\/wp-json\/wp\/v2\/posts\/460\/revisions\/667"}],"wp:featuredmedia":[{"embeddable":true,"href":"https:\/\/creativecommons.it\/chapterIT\/index.php\/wp-json\/wp\/v2\/media\/478"}],"wp:attachment":[{"href":"https:\/\/creativecommons.it\/chapterIT\/index.php\/wp-json\/wp\/v2\/media?parent=460"}],"wp:term":[{"taxonomy":"category","embeddable":true,"href":"https:\/\/creativecommons.it\/chapterIT\/index.php\/wp-json\/wp\/v2\/categories?post=460"},{"taxonomy":"post_tag","embeddable":true,"href":"https:\/\/creativecommons.it\/chapterIT\/index.php\/wp-json\/wp\/v2\/tags?post=460"}],"curies":[{"name":"wp","href":"https:\/\/api.w.org\/{rel}","templated":true}]}}